{"id":51851,"date":"2026-07-30T10:41:08","date_gmt":"2026-07-30T08:41:08","guid":{"rendered":"https:\/\/www.ctelift.com\/2026\/07\/30\/buone-vacanze-da-cte\/"},"modified":"2026-07-30T10:53:57","modified_gmt":"2026-07-30T08:53:57","slug":"buone-vacanze-da-cte","status":"publish","type":"post","link":"https:\/\/www.ctelift.com\/de\/2026\/07\/30\/buone-vacanze-da-cte\/","title":{"rendered":"Genie\u00dfen Sie Ihre Sommerferien!"},"content":{"rendered":"<p>Wir m\u00f6chten Sie dar\u00fcber informieren, dass <strong>unsere B\u00fcros vom Montag, dem 10. August, bis Freitag, dem 14. August 2026, geschlossen sind<\/strong>. Wir sind ab Montag, dem 17. August, wieder f\u00fcr Sie da.<\/p>\n<p>Wir freuen uns, Ihnen mitteilen zu k\u00f6nnen, dass <strong>Platform Service<\/strong> Ihnen den ganzen Sommer \u00fcber mit <strong>technischer Unterst\u00fctzung und Ersatzteilen<\/strong> zur Verf\u00fcgung steht.<\/p>\n<p>Die Kontaktdaten von Platform Service lauten wie folgt:<\/p>\n<p>\u2022 <strong>Website<\/strong>: www.platformservice.com<\/p>\n<p>\u2022 <strong>E-Mail f\u00fcr Informationen<\/strong>: vendite@platformservice.com<\/p>\n<p>\u2022 <strong>E-Mail f\u00fcr technischen Support<\/strong>: tecnico@platformservice.com<\/p>\n<p>\u2022 <strong>E-Mail f\u00fcr Garantieanfragen<\/strong>: warranty@platformservice.com<\/p>\n<p>\u2022 <strong>Telefon<\/strong>: +39 059 834 8000<\/p>\n<p>Wir w\u00fcnschen Ihnen allen erholsame Sommerferien!<\/p>\n<p class=\"x_elementtoproof\"><b>CTE Customer Care Team<\/b><\/p>\n","protected":false},"excerpt":{"rendered":"<p>Wir m\u00f6chten Sie dar\u00fcber informieren, dass unsere B\u00fcros vom Montag, dem 10. August, bis Freitag, dem 14. August 2026, geschlossen sind. Wir sind ab Montag, dem 17. August, wieder f\u00fcr<\/p>\n<a href=\"https:\/\/www.ctelift.com\/de\/2026\/07\/30\/buone-vacanze-da-cte\/\" class=\"btn-readmore\">Weiter &rsaquo;<\/a>","protected":false},"author":2,"featured_media":51835,"comment_status":"closed","ping_status":"open","sticky":false,"template":"","format":"standard","meta":{"footnotes":""},"categories":[294],"tags":[],"class_list":["post-51851","post","type-post","status-publish","format-standard","has-post-thumbnail","hentry","category-news-de"],"acf":[],"yoast_head":"<!-- This site is optimized with the Yoast SEO plugin v25.1 - https:\/\/yoast.com\/wordpress\/plugins\/seo\/ -->\n<title>Genie\u00dfen Sie Ihre Sommerferien! - CTE<\/title>\n<meta name=\"robots\" content=\"index, follow, max-snippet:-1, max-image-preview:large, max-video-preview:-1\" \/>\n<link rel=\"canonical\" href=\"https:\/\/www.ctelift.com\/de\/2026\/07\/30\/buone-vacanze-da-cte\/\" \/>\n<meta property=\"og:locale\" content=\"de_DE\" \/>\n<meta property=\"og:type\" content=\"article\" \/>\n<meta property=\"og:title\" content=\"Genie\u00dfen Sie Ihre Sommerferien! - CTE\" \/>\n<meta property=\"og:description\" content=\"Wir m\u00f6chten Sie dar\u00fcber informieren, dass unsere B\u00fcros vom Montag, dem 10. August, bis Freitag, dem 14. August 2026, geschlossen sind. Wir sind ab Montag, dem 17. August, wieder f\u00fcr\" \/>\n<meta property=\"og:url\" content=\"https:\/\/www.ctelift.com\/de\/2026\/07\/30\/buone-vacanze-da-cte\/\" \/>\n<meta property=\"og:site_name\" content=\"CTE\" \/>\n<meta property=\"article:published_time\" content=\"2026-07-30T08:41:08+00:00\" \/>\n<meta property=\"article:modified_time\" content=\"2026-07-30T08:53:57+00:00\" \/>\n<meta property=\"og:image\" content=\"https:\/\/www.ctelift.com\/wp-content\/uploads\/2026\/07\/Summer-holiday-2026.png\" \/>\n\t<meta property=\"og:image:width\" content=\"940\" \/>\n\t<meta property=\"og:image:height\" content=\"788\" \/>\n\t<meta property=\"og:image:type\" content=\"image\/png\" \/>\n<meta name=\"author\" content=\"cteuser\" \/>\n<meta name=\"twitter:card\" content=\"summary_large_image\" \/>\n<meta name=\"twitter:label1\" content=\"Verfasst von\" \/>\n\t<meta name=\"twitter:data1\" content=\"cteuser\" \/>\n\t<meta name=\"twitter:label2\" content=\"Gesch\u00e4tzte Lesezeit\" \/>\n\t<meta name=\"twitter:data2\" content=\"1\u00a0Minute\" \/>\n<script type=\"application\/ld+json\" class=\"yoast-schema-graph\">{\"@context\":\"https:\/\/schema.org\",\"@graph\":[{\"@type\":\"WebPage\",\"@id\":\"https:\/\/www.ctelift.com\/de\/2026\/07\/30\/buone-vacanze-da-cte\/\",\"url\":\"https:\/\/www.ctelift.com\/de\/2026\/07\/30\/buone-vacanze-da-cte\/\",\"name\":\"Genie\u00dfen Sie Ihre Sommerferien! - CTE\",\"isPartOf\":{\"@id\":\"https:\/\/www.ctelift.com\/en\/#website\"},\"primaryImageOfPage\":{\"@id\":\"https:\/\/www.ctelift.com\/de\/2026\/07\/30\/buone-vacanze-da-cte\/#primaryimage\"},\"image\":{\"@id\":\"https:\/\/www.ctelift.com\/de\/2026\/07\/30\/buone-vacanze-da-cte\/#primaryimage\"},\"thumbnailUrl\":\"https:\/\/www.ctelift.com\/wp-content\/uploads\/2026\/07\/Summer-holiday-2026.png\",\"datePublished\":\"2026-07-30T08:41:08+00:00\",\"dateModified\":\"2026-07-30T08:53:57+00:00\",\"author\":{\"@id\":\"https:\/\/www.ctelift.com\/en\/#\/schema\/person\/b83f56a5bd85503f355fa1544c350ab9\"},\"breadcrumb\":{\"@id\":\"https:\/\/www.ctelift.com\/de\/2026\/07\/30\/buone-vacanze-da-cte\/#breadcrumb\"},\"inLanguage\":\"de\",\"potentialAction\":[{\"@type\":\"ReadAction\",\"target\":[\"https:\/\/www.ctelift.com\/de\/2026\/07\/30\/buone-vacanze-da-cte\/\"]}]},{\"@type\":\"ImageObject\",\"inLanguage\":\"de\",\"@id\":\"https:\/\/www.ctelift.com\/de\/2026\/07\/30\/buone-vacanze-da-cte\/#primaryimage\",\"url\":\"https:\/\/www.ctelift.com\/wp-content\/uploads\/2026\/07\/Summer-holiday-2026.png\",\"contentUrl\":\"https:\/\/www.ctelift.com\/wp-content\/uploads\/2026\/07\/Summer-holiday-2026.png\",\"width\":940,\"height\":788},{\"@type\":\"BreadcrumbList\",\"@id\":\"https:\/\/www.ctelift.com\/de\/2026\/07\/30\/buone-vacanze-da-cte\/#breadcrumb\",\"itemListElement\":[{\"@type\":\"ListItem\",\"position\":1,\"name\":\"Home\",\"item\":\"https:\/\/www.ctelift.com\/de\/\"},{\"@type\":\"ListItem\",\"position\":2,\"name\":\"Genie\u00dfen Sie Ihre Sommerferien!\"}]},{\"@type\":\"WebSite\",\"@id\":\"https:\/\/www.ctelift.com\/en\/#website\",\"url\":\"https:\/\/www.ctelift.com\/en\/\",\"name\":\"CTE\",\"description\":\"work becomes easy\",\"potentialAction\":[{\"@type\":\"SearchAction\",\"target\":{\"@type\":\"EntryPoint\",\"urlTemplate\":\"https:\/\/www.ctelift.com\/en\/?s={search_term_string}\"},\"query-input\":{\"@type\":\"PropertyValueSpecification\",\"valueRequired\":true,\"valueName\":\"search_term_string\"}}],\"inLanguage\":\"de\"},{\"@type\":\"Person\",\"@id\":\"https:\/\/www.ctelift.com\/en\/#\/schema\/person\/b83f56a5bd85503f355fa1544c350ab9\",\"name\":\"cteuser\",\"url\":\"https:\/\/www.ctelift.com\/de\/author\/cteuser\/\"}]}<\/script>\n<!-- \/ Yoast SEO plugin. -->","yoast_head_json":{"title":"Genie\u00dfen Sie Ihre Sommerferien! - CTE","robots":{"index":"index","follow":"follow","max-snippet":"max-snippet:-1","max-image-preview":"max-image-preview:large","max-video-preview":"max-video-preview:-1"},"canonical":"https:\/\/www.ctelift.com\/de\/2026\/07\/30\/buone-vacanze-da-cte\/","og_locale":"de_DE","og_type":"article","og_title":"Genie\u00dfen Sie Ihre Sommerferien! - CTE","og_description":"Wir m\u00f6chten Sie dar\u00fcber informieren, dass unsere B\u00fcros vom Montag, dem 10. August, bis Freitag, dem 14. August 2026, geschlossen sind. Wir sind ab Montag, dem 17. August, wieder f\u00fcr","og_url":"https:\/\/www.ctelift.com\/de\/2026\/07\/30\/buone-vacanze-da-cte\/","og_site_name":"CTE","article_published_time":"2026-07-30T08:41:08+00:00","article_modified_time":"2026-07-30T08:53:57+00:00","og_image":[{"width":940,"height":788,"url":"https:\/\/www.ctelift.com\/wp-content\/uploads\/2026\/07\/Summer-holiday-2026.png","type":"image\/png"}],"author":"cteuser","twitter_card":"summary_large_image","twitter_misc":{"Verfasst von":"cteuser","Gesch\u00e4tzte Lesezeit":"1\u00a0Minute"},"schema":{"@context":"https:\/\/schema.org","@graph":[{"@type":"WebPage","@id":"https:\/\/www.ctelift.com\/de\/2026\/07\/30\/buone-vacanze-da-cte\/","url":"https:\/\/www.ctelift.com\/de\/2026\/07\/30\/buone-vacanze-da-cte\/","name":"Genie\u00dfen Sie Ihre Sommerferien! - CTE","isPartOf":{"@id":"https:\/\/www.ctelift.com\/en\/#website"},"primaryImageOfPage":{"@id":"https:\/\/www.ctelift.com\/de\/2026\/07\/30\/buone-vacanze-da-cte\/#primaryimage"},"image":{"@id":"https:\/\/www.ctelift.com\/de\/2026\/07\/30\/buone-vacanze-da-cte\/#primaryimage"},"thumbnailUrl":"https:\/\/www.ctelift.com\/wp-content\/uploads\/2026\/07\/Summer-holiday-2026.png","datePublished":"2026-07-30T08:41:08+00:00","dateModified":"2026-07-30T08:53:57+00:00","author":{"@id":"https:\/\/www.ctelift.com\/en\/#\/schema\/person\/b83f56a5bd85503f355fa1544c350ab9"},"breadcrumb":{"@id":"https:\/\/www.ctelift.com\/de\/2026\/07\/30\/buone-vacanze-da-cte\/#breadcrumb"},"inLanguage":"de","potentialAction":[{"@type":"ReadAction","target":["https:\/\/www.ctelift.com\/de\/2026\/07\/30\/buone-vacanze-da-cte\/"]}]},{"@type":"ImageObject","inLanguage":"de","@id":"https:\/\/www.ctelift.com\/de\/2026\/07\/30\/buone-vacanze-da-cte\/#primaryimage","url":"https:\/\/www.ctelift.com\/wp-content\/uploads\/2026\/07\/Summer-holiday-2026.png","contentUrl":"https:\/\/www.ctelift.com\/wp-content\/uploads\/2026\/07\/Summer-holiday-2026.png","width":940,"height":788},{"@type":"BreadcrumbList","@id":"https:\/\/www.ctelift.com\/de\/2026\/07\/30\/buone-vacanze-da-cte\/#breadcrumb","itemListElement":[{"@type":"ListItem","position":1,"name":"Home","item":"https:\/\/www.ctelift.com\/de\/"},{"@type":"ListItem","position":2,"name":"Genie\u00dfen Sie Ihre Sommerferien!"}]},{"@type":"WebSite","@id":"https:\/\/www.ctelift.com\/en\/#website","url":"https:\/\/www.ctelift.com\/en\/","name":"CTE","description":"work becomes easy","potentialAction":[{"@type":"SearchAction","target":{"@type":"EntryPoint","urlTemplate":"https:\/\/www.ctelift.com\/en\/?s={search_term_string}"},"query-input":{"@type":"PropertyValueSpecification","valueRequired":true,"valueName":"search_term_string"}}],"inLanguage":"de"},{"@type":"Person","@id":"https:\/\/www.ctelift.com\/en\/#\/schema\/person\/b83f56a5bd85503f355fa1544c350ab9","name":"cteuser","url":"https:\/\/www.ctelift.com\/de\/author\/cteuser\/"}]}},"_links":{"self":[{"href":"https:\/\/www.ctelift.com\/de\/wp-json\/wp\/v2\/posts\/51851","targetHints":{"allow":["GET"]}}],"collection":[{"href":"https:\/\/www.ctelift.com\/de\/wp-json\/wp\/v2\/posts"}],"about":[{"href":"https:\/\/www.ctelift.com\/de\/wp-json\/wp\/v2\/types\/post"}],"author":[{"embeddable":true,"href":"https:\/\/www.ctelift.com\/de\/wp-json\/wp\/v2\/users\/2"}],"replies":[{"embeddable":true,"href":"https:\/\/www.ctelift.com\/de\/wp-json\/wp\/v2\/comments?post=51851"}],"version-history":[{"count":3,"href":"https:\/\/www.ctelift.com\/de\/wp-json\/wp\/v2\/posts\/51851\/revisions"}],"predecessor-version":[{"id":51854,"href":"https:\/\/www.ctelift.com\/de\/wp-json\/wp\/v2\/posts\/51851\/revisions\/51854"}],"wp:featuredmedia":[{"embeddable":true,"href":"https:\/\/www.ctelift.com\/de\/wp-json\/wp\/v2\/media\/51835"}],"wp:attachment":[{"href":"https:\/\/www.ctelift.com\/de\/wp-json\/wp\/v2\/media?parent=51851"}],"wp:term":[{"taxonomy":"category","embeddable":true,"href":"https:\/\/www.ctelift.com\/de\/wp-json\/wp\/v2\/categories?post=51851"},{"taxonomy":"post_tag","embeddable":true,"href":"https:\/\/www.ctelift.com\/de\/wp-json\/wp\/v2\/tags?post=51851"}],"curies":[{"name":"wp","href":"https:\/\/api.w.org\/{rel}","templated":true}]}}